{"id":6837,"date":"2025-02-21T14:25:26","date_gmt":"2025-02-21T17:25:26","guid":{"rendered":"https:\/\/faq.uol.com.br\/uolhost\/?p=6837"},"modified":"2025-12-29T14:11:02","modified_gmt":"2025-12-29T17:11:02","slug":"quais-as-configuracoes-de-tema-do-meu-tema-flexivel","status":"publish","type":"post","link":"https:\/\/faq.uol.com.br\/uolhost\/content\/quais-as-configuracoes-de-tema-do-meu-tema-flexivel\/","title":{"rendered":"Quais as configura\u00e7\u00f5es de Tema do meu Tema Flex\u00edvel?"},"content":{"rendered":"<p><strong>Preview de um Tema<\/strong><\/p>\n<p>Esta funcionalidade permite que voc\u00ea tenha uma pr\u00e9-visualiza\u00e7\u00e3o n\u00e3o publicada de sua loja que ainda n\u00e3o est\u00e1 dispon\u00edvel para seus clientes, disponibilizando um ambiente igual ao de produ\u00e7\u00e3o permitindo seguir com valida\u00e7\u00f5es e corre\u00e7\u00f5es se necess\u00e1rio!<\/p>\n<p>O Preview do tema est\u00e1 dispon\u00edvel no painel de desenvolvimento, no canto superior direito:<\/p>\n<p><img loading=\"lazy\" decoding=\"async\" class=\"alignnone wp-image-6838 size-large\" src=\"https:\/\/faq.uol.com.br\/uolhost\/wp-content\/uploads\/sites\/2\/2025\/02\/Captura-de-tela-2025-02-07-162500-1-1024x481.png\" alt=\"\" width=\"1024\" height=\"481\" srcset=\"https:\/\/faq.uol.com.br\/uolhost\/wp-content\/uploads\/sites\/2\/2025\/02\/Captura-de-tela-2025-02-07-162500-1-1024x481.png 1024w, https:\/\/faq.uol.com.br\/uolhost\/wp-content\/uploads\/sites\/2\/2025\/02\/Captura-de-tela-2025-02-07-162500-1-300x141.png 300w, https:\/\/faq.uol.com.br\/uolhost\/wp-content\/uploads\/sites\/2\/2025\/02\/Captura-de-tela-2025-02-07-162500-1-768x361.png 768w, https:\/\/faq.uol.com.br\/uolhost\/wp-content\/uploads\/sites\/2\/2025\/02\/Captura-de-tela-2025-02-07-162500-1-1536x722.png 1536w, https:\/\/faq.uol.com.br\/uolhost\/wp-content\/uploads\/sites\/2\/2025\/02\/Captura-de-tela-2025-02-07-162500-1.png 1908w\" sizes=\"(max-width: 1024px) 100vw, 1024px\" \/><\/p>\n<p>&nbsp;<\/p>\n<p>Por medidas de seguran\u00e7a a pr\u00e9-visualiza\u00e7\u00e3o n\u00e3o permite finalizar compras al\u00e9m do carrinho, bloqueando o acesso ao checkout da loja.<\/p>\n<p>Algumas caracter\u00edsticas dessa funcionalidade s\u00e3o o link de acesso que segue um padr\u00e3o de \u201c<strong>preview.lojavirtuolpro.com<\/strong>\u201d com um token de acesso que \u00e9 gerado para cada loja e tema espec\u00edfico e um pop-up no canto inferior direito sinalizando:<\/p>\n<p><img loading=\"lazy\" decoding=\"async\" class=\"alignnone wp-image-6839 size-large\" src=\"https:\/\/faq.uol.com.br\/uolhost\/wp-content\/uploads\/sites\/2\/2025\/02\/Captura-de-tela-2025-02-07-162741-1024x486.png\" alt=\"\" width=\"1024\" height=\"486\" srcset=\"https:\/\/faq.uol.com.br\/uolhost\/wp-content\/uploads\/sites\/2\/2025\/02\/Captura-de-tela-2025-02-07-162741-1024x486.png 1024w, https:\/\/faq.uol.com.br\/uolhost\/wp-content\/uploads\/sites\/2\/2025\/02\/Captura-de-tela-2025-02-07-162741-300x142.png 300w, https:\/\/faq.uol.com.br\/uolhost\/wp-content\/uploads\/sites\/2\/2025\/02\/Captura-de-tela-2025-02-07-162741-768x365.png 768w, https:\/\/faq.uol.com.br\/uolhost\/wp-content\/uploads\/sites\/2\/2025\/02\/Captura-de-tela-2025-02-07-162741-1536x730.png 1536w, https:\/\/faq.uol.com.br\/uolhost\/wp-content\/uploads\/sites\/2\/2025\/02\/Captura-de-tela-2025-02-07-162741.png 1897w\" sizes=\"(max-width: 1024px) 100vw, 1024px\" \/><\/p>\n<p>&nbsp;<\/p>\n<p>O token de acesso \u00e9 restrito e inacess\u00edvel ao usu\u00e1rio. Para facilitar o compartilhamento para valida\u00e7\u00f5es, disponibilizamos um bot\u00e3o ao lado do \u201c<strong>preview do tema<\/strong>\u201d no canto superior direito, que permite \u2018<strong>\u2019Copiar link\u2019\u2019<\/strong> rapidamente:<\/p>\n<p><img loading=\"lazy\" decoding=\"async\" class=\"alignnone wp-image-6840 size-large\" src=\"https:\/\/faq.uol.com.br\/uolhost\/wp-content\/uploads\/sites\/2\/2025\/02\/Captura-de-tela-2025-02-07-162939-1024x482.png\" alt=\"\" width=\"1024\" height=\"482\" srcset=\"https:\/\/faq.uol.com.br\/uolhost\/wp-content\/uploads\/sites\/2\/2025\/02\/Captura-de-tela-2025-02-07-162939-1024x482.png 1024w, https:\/\/faq.uol.com.br\/uolhost\/wp-content\/uploads\/sites\/2\/2025\/02\/Captura-de-tela-2025-02-07-162939-300x141.png 300w, https:\/\/faq.uol.com.br\/uolhost\/wp-content\/uploads\/sites\/2\/2025\/02\/Captura-de-tela-2025-02-07-162939-768x361.png 768w, https:\/\/faq.uol.com.br\/uolhost\/wp-content\/uploads\/sites\/2\/2025\/02\/Captura-de-tela-2025-02-07-162939-1536x722.png 1536w, https:\/\/faq.uol.com.br\/uolhost\/wp-content\/uploads\/sites\/2\/2025\/02\/Captura-de-tela-2025-02-07-162939.png 1916w\" sizes=\"(max-width: 1024px) 100vw, 1024px\" \/><\/p>\n<p>&nbsp;<\/p>\n<p><strong>Compilar e Sincronizar: <\/strong><\/p>\n<p>Para que as altera\u00e7\u00f5es realizadas reflitam na Loja, \u00e9 necess\u00e1rio clicar em sincronizar e depois compilar:<\/p>\n<p><img loading=\"lazy\" decoding=\"async\" class=\"alignnone wp-image-6841 size-full\" src=\"https:\/\/faq.uol.com.br\/uolhost\/wp-content\/uploads\/sites\/2\/2025\/02\/Captura-de-tela-2025-02-19-171359.png\" alt=\"\" width=\"373\" height=\"246\" srcset=\"https:\/\/faq.uol.com.br\/uolhost\/wp-content\/uploads\/sites\/2\/2025\/02\/Captura-de-tela-2025-02-19-171359.png 373w, https:\/\/faq.uol.com.br\/uolhost\/wp-content\/uploads\/sites\/2\/2025\/02\/Captura-de-tela-2025-02-19-171359-300x198.png 300w\" sizes=\"(max-width: 373px) 100vw, 373px\" \/><\/p>\n<p>&nbsp;<\/p>\n<p><strong>Sincronizar: <\/strong>\u00e9 apresentado todas as altera\u00e7\u00f5es que foram realizadas, o cliente pode clicar em \u201cS<strong>incronizar<\/strong>\u201d para executar:<\/p>\n<p><img loading=\"lazy\" decoding=\"async\" class=\"alignnone wp-image-6842 size-full\" src=\"https:\/\/faq.uol.com.br\/uolhost\/wp-content\/uploads\/sites\/2\/2025\/02\/Imagem5.png\" alt=\"\" width=\"757\" height=\"478\" srcset=\"https:\/\/faq.uol.com.br\/uolhost\/wp-content\/uploads\/sites\/2\/2025\/02\/Imagem5.png 757w, https:\/\/faq.uol.com.br\/uolhost\/wp-content\/uploads\/sites\/2\/2025\/02\/Imagem5-300x189.png 300w\" sizes=\"(max-width: 757px) 100vw, 757px\" \/><\/p>\n<p>&nbsp;<\/p>\n<p><strong>Compilar: <\/strong>clicando em compilar, ele ir\u00e1 executar as altera\u00e7\u00f5es realizadas:<\/p>\n<p><strong> <img loading=\"lazy\" decoding=\"async\" class=\"alignnone wp-image-6843 size-full\" src=\"https:\/\/faq.uol.com.br\/uolhost\/wp-content\/uploads\/sites\/2\/2025\/02\/Imagem6-1.png\" alt=\"\" width=\"461\" height=\"412\" srcset=\"https:\/\/faq.uol.com.br\/uolhost\/wp-content\/uploads\/sites\/2\/2025\/02\/Imagem6-1.png 461w, https:\/\/faq.uol.com.br\/uolhost\/wp-content\/uploads\/sites\/2\/2025\/02\/Imagem6-1-300x268.png 300w\" sizes=\"(max-width: 461px) 100vw, 461px\" \/><\/strong><\/p>\n<p>&nbsp;<\/p>\n<p><span style=\"color: #ff0000\"><strong>IMPORTANTE<\/strong><\/span><strong>: <\/strong>\u00a0Ap\u00f3s realizado todas as altera\u00e7\u00f5es, \u00e9 necess\u00e1rio retornar ao painel administrativo da loja e instalar o tema, clicando no bot\u00e3o \u201c<strong>Reinstalar Tema\u201d<\/strong>, um processo semelhante ao de compila\u00e7\u00e3o do tema ir\u00e1 ocorrer e, em caso de sucesso, o tema ser\u00e1 ativado na loja:<\/p>\n<p><img loading=\"lazy\" decoding=\"async\" class=\"alignnone wp-image-6844 size-large\" src=\"https:\/\/faq.uol.com.br\/uolhost\/wp-content\/uploads\/sites\/2\/2025\/02\/Captura-de-tela-2025-02-19-171625-1024x512.png\" alt=\"\" width=\"1024\" height=\"512\" srcset=\"https:\/\/faq.uol.com.br\/uolhost\/wp-content\/uploads\/sites\/2\/2025\/02\/Captura-de-tela-2025-02-19-171625-1024x512.png 1024w, https:\/\/faq.uol.com.br\/uolhost\/wp-content\/uploads\/sites\/2\/2025\/02\/Captura-de-tela-2025-02-19-171625-300x150.png 300w, https:\/\/faq.uol.com.br\/uolhost\/wp-content\/uploads\/sites\/2\/2025\/02\/Captura-de-tela-2025-02-19-171625-768x384.png 768w, https:\/\/faq.uol.com.br\/uolhost\/wp-content\/uploads\/sites\/2\/2025\/02\/Captura-de-tela-2025-02-19-171625-1536x768.png 1536w, https:\/\/faq.uol.com.br\/uolhost\/wp-content\/uploads\/sites\/2\/2025\/02\/Captura-de-tela-2025-02-19-171625.png 1690w\" sizes=\"(max-width: 1024px) 100vw, 1024px\" \/><\/p>\n<p>&nbsp;<\/p>\n<p>Agora basta clicar em &#8221;<strong>Instalar Tema&#8217;<\/strong>&#8216;:<\/p>\n<p><img loading=\"lazy\" decoding=\"async\" class=\"alignnone wp-image-6846 size-full\" src=\"https:\/\/faq.uol.com.br\/uolhost\/wp-content\/uploads\/sites\/2\/2025\/02\/Captura-de-tela-2025-02-21-141708-1.png\" alt=\"\" width=\"822\" height=\"417\" srcset=\"https:\/\/faq.uol.com.br\/uolhost\/wp-content\/uploads\/sites\/2\/2025\/02\/Captura-de-tela-2025-02-21-141708-1.png 822w, https:\/\/faq.uol.com.br\/uolhost\/wp-content\/uploads\/sites\/2\/2025\/02\/Captura-de-tela-2025-02-21-141708-1-300x152.png 300w, https:\/\/faq.uol.com.br\/uolhost\/wp-content\/uploads\/sites\/2\/2025\/02\/Captura-de-tela-2025-02-21-141708-1-768x390.png 768w\" sizes=\"(max-width: 822px) 100vw, 822px\" \/><\/p>\n<p>&nbsp;<\/p>\n<p><strong>Pronto! <\/strong>Tema instalado com sucesso!<\/p>\n<p>Ir\u00e1 aparecer uma mensagem de confirma\u00e7\u00e3o na sua tela, como no exemplo abaixo:<\/p>\n<p><img loading=\"lazy\" decoding=\"async\" class=\"alignnone wp-image-6847 size-full\" src=\"https:\/\/faq.uol.com.br\/uolhost\/wp-content\/uploads\/sites\/2\/2025\/02\/Imagem8-2.png\" alt=\"\" width=\"731\" height=\"194\" srcset=\"https:\/\/faq.uol.com.br\/uolhost\/wp-content\/uploads\/sites\/2\/2025\/02\/Imagem8-2.png 731w, https:\/\/faq.uol.com.br\/uolhost\/wp-content\/uploads\/sites\/2\/2025\/02\/Imagem8-2-300x80.png 300w\" sizes=\"(max-width: 731px) 100vw, 731px\" \/><\/p>\n<p>&nbsp;<\/p>\n<p><strong>\u26a0\ufe0f <span style=\"color: #ff0000\">IMPORTANTE<\/span>:\u00a0<\/strong><\/p>\n<ul>\n<li><em>Caso tenha realizado modifica\u00e7\u00f5es no c\u00f3digo do tema que j\u00e1 est\u00e1 ativo em na loja, ser\u00e1 necess\u00e1rio realizar a republica\u00e7\u00e3o do tema, dispon\u00edvel nas op\u00e7\u00f5es do tema selecionado.<\/em><\/li>\n<li><em>Quaisquer a\u00e7\u00f5es realizadas no painel de desenvolvimento somente ter\u00e3o efeito na loja real ap\u00f3s a publica\u00e7\u00e3o no painel de listagem de temas.<\/em><\/li>\n<li><em>A pr\u00e9-visualiza\u00e7\u00e3o do tema possui uma dura\u00e7\u00e3o m\u00e1xima de 24 horas ap\u00f3s a \u00faltima compila\u00e7\u00e3o. Basta compilar novamente que em instantes a pr\u00e9-visualiza\u00e7\u00e3o retornar\u00e1.<\/em><\/li>\n<\/ul>\n<p>&nbsp;<\/p>\n<p><strong>Duplicar um Tema<\/strong><\/p>\n<p>Na tela de listagem de temas, (em um tema j\u00e1 criado), disponibilizamos a op\u00e7\u00e3o de duplicar o tema! Esta op\u00e7\u00e3o permite ao usu\u00e1rio, criar um tema com todas as funcionalidades e componentes do tema duplicado, ou seja, permanecendo o mesmo c\u00f3digo fonte inalterado.<\/p>\n<p>Escolha o tema que deseja duplicar, depois em \u2018\u2019<strong>Op\u00e7\u00f5es<\/strong>\u2019\u2019, em seguida \u2018\u2019<strong>Duplicar tema\u2019\u2019<\/strong>:<\/p>\n<p><img loading=\"lazy\" decoding=\"async\" class=\"alignnone wp-image-6848 size-large\" src=\"https:\/\/faq.uol.com.br\/uolhost\/wp-content\/uploads\/sites\/2\/2025\/02\/Captura-de-tela-2025-02-19-172258-1024x507.png\" alt=\"\" width=\"1024\" height=\"507\" srcset=\"https:\/\/faq.uol.com.br\/uolhost\/wp-content\/uploads\/sites\/2\/2025\/02\/Captura-de-tela-2025-02-19-172258-1024x507.png 1024w, https:\/\/faq.uol.com.br\/uolhost\/wp-content\/uploads\/sites\/2\/2025\/02\/Captura-de-tela-2025-02-19-172258-300x148.png 300w, https:\/\/faq.uol.com.br\/uolhost\/wp-content\/uploads\/sites\/2\/2025\/02\/Captura-de-tela-2025-02-19-172258-768x380.png 768w, https:\/\/faq.uol.com.br\/uolhost\/wp-content\/uploads\/sites\/2\/2025\/02\/Captura-de-tela-2025-02-19-172258-1536x760.png 1536w, https:\/\/faq.uol.com.br\/uolhost\/wp-content\/uploads\/sites\/2\/2025\/02\/Captura-de-tela-2025-02-19-172258.png 1682w\" sizes=\"(max-width: 1024px) 100vw, 1024px\" \/><\/p>\n<p>&nbsp;<\/p>\n<p><strong>Personaliza\u00e7\u00f5es Dispon\u00edveis<\/strong><\/p>\n<ul>\n<li><strong>Cores: <\/strong>Paleta de tons para toda a loja.<\/li>\n<li><strong>Fontes: <\/strong>Tipografia de textos e t\u00edtulos<strong>.<\/strong><\/li>\n<li><strong>Layout: <\/strong>Posicionamento de se\u00e7\u00f5es e elementos.<\/li>\n<li><strong>Componentes: <\/strong>Bot\u00f5es, sliders, banners e mais.<\/li>\n<\/ul>\n<p>&nbsp;<\/p>\n","protected":false},"excerpt":{"rendered":"<p>Preview de um Tema Esta funcionalidade permite que voc\u00ea tenha uma pr\u00e9-visualiza\u00e7\u00e3o n\u00e3o publicada de sua loja que ainda n\u00e3o est\u00e1 dispon\u00edvel para seus clientes, disponibilizando um ambiente igual ao de produ\u00e7\u00e3o permitindo seguir com valida\u00e7\u00f5es e corre\u00e7\u00f5es se necess\u00e1rio! O Preview do tema est\u00e1 dispon\u00edvel no painel de desenvolvimento, no canto superior direito: &nbsp; [&hellip;]<\/p>\n","protected":false},"author":17,"featured_media":0,"comment_status":"open","ping_status":"open","sticky":false,"template":"article_uolhost","format":"standard","meta":{"footnotes":""},"categories":[467,368],"tags":[],"yoast_head":"<!-- This site is optimized with the Yoast SEO plugin v22.8 - https:\/\/yoast.com\/wordpress\/plugins\/seo\/ -->\n<title>Quais as configura\u00e7\u00f5es de Tema do meu Tema Flex\u00edvel? - FAQ UOL Host<\/title>\n<meta name=\"robots\" content=\"index, follow, max-snippet:-1, max-image-preview:large, max-video-preview:-1\" \/>\n<link rel=\"canonical\" href=\"https:\/\/faq.uol.com.br\/uolhost\/content\/quais-as-configuracoes-de-tema-do-meu-tema-flexivel\/\" \/>\n<meta property=\"og:locale\" content=\"pt_BR\" \/>\n<meta property=\"og:type\" content=\"article\" \/>\n<meta property=\"og:title\" content=\"Quais as configura\u00e7\u00f5es de Tema do meu Tema Flex\u00edvel? - FAQ UOL Host\" \/>\n<meta property=\"og:description\" content=\"Preview de um Tema Esta funcionalidade permite que voc\u00ea tenha uma pr\u00e9-visualiza\u00e7\u00e3o n\u00e3o publicada de sua loja que ainda n\u00e3o est\u00e1 dispon\u00edvel para seus clientes, disponibilizando um ambiente igual ao de produ\u00e7\u00e3o permitindo seguir com valida\u00e7\u00f5es e corre\u00e7\u00f5es se necess\u00e1rio! O Preview do tema est\u00e1 dispon\u00edvel no painel de desenvolvimento, no canto superior direito: &nbsp; [&hellip;]\" \/>\n<meta property=\"og:url\" content=\"https:\/\/faq.uol.com.br\/uolhost\/content\/quais-as-configuracoes-de-tema-do-meu-tema-flexivel\/\" \/>\n<meta property=\"og:site_name\" content=\"FAQ UOL Host\" \/>\n<meta property=\"article:published_time\" content=\"2025-02-21T17:25:26+00:00\" \/>\n<meta property=\"article:modified_time\" content=\"2025-12-29T17:11:02+00:00\" \/>\n<meta property=\"og:image\" content=\"https:\/\/faq.uol.com.br\/uolhost\/wp-content\/uploads\/sites\/2\/2025\/02\/Captura-de-tela-2025-02-07-162500-1-1024x481.png\" \/>\n<meta name=\"author\" content=\"pvemsimoes\" \/>\n<meta name=\"twitter:card\" content=\"summary_large_image\" \/>\n<meta name=\"twitter:label1\" content=\"Escrito por\" \/>\n\t<meta name=\"twitter:data1\" content=\"pvemsimoes\" \/>\n\t<meta name=\"twitter:label2\" content=\"Est. tempo de leitura\" \/>\n\t<meta name=\"twitter:data2\" content=\"5 minutos\" \/>\n<script type=\"application\/ld+json\" class=\"yoast-schema-graph\">{\"@context\":\"https:\/\/schema.org\",\"@graph\":[{\"@type\":\"WebPage\",\"@id\":\"https:\/\/faq.uol.com.br\/uolhost\/content\/quais-as-configuracoes-de-tema-do-meu-tema-flexivel\/\",\"url\":\"https:\/\/faq.uol.com.br\/uolhost\/content\/quais-as-configuracoes-de-tema-do-meu-tema-flexivel\/\",\"name\":\"Quais as configura\u00e7\u00f5es de Tema do meu Tema Flex\u00edvel? - FAQ UOL Host\",\"isPartOf\":{\"@id\":\"https:\/\/faq.uol.com.br\/uolhost\/#website\"},\"primaryImageOfPage\":{\"@id\":\"https:\/\/faq.uol.com.br\/uolhost\/content\/quais-as-configuracoes-de-tema-do-meu-tema-flexivel\/#primaryimage\"},\"image\":{\"@id\":\"https:\/\/faq.uol.com.br\/uolhost\/content\/quais-as-configuracoes-de-tema-do-meu-tema-flexivel\/#primaryimage\"},\"thumbnailUrl\":\"https:\/\/faq.uol.com.br\/uolhost\/wp-content\/uploads\/sites\/2\/2025\/02\/Captura-de-tela-2025-02-07-162500-1-1024x481.png\",\"datePublished\":\"2025-02-21T17:25:26+00:00\",\"dateModified\":\"2025-12-29T17:11:02+00:00\",\"author\":{\"@id\":\"https:\/\/faq.uol.com.br\/uolhost\/#\/schema\/person\/0aadf6d9693a15391688e93bb97d1693\"},\"breadcrumb\":{\"@id\":\"https:\/\/faq.uol.com.br\/uolhost\/content\/quais-as-configuracoes-de-tema-do-meu-tema-flexivel\/#breadcrumb\"},\"inLanguage\":\"pt-BR\",\"potentialAction\":[{\"@type\":\"ReadAction\",\"target\":[\"https:\/\/faq.uol.com.br\/uolhost\/content\/quais-as-configuracoes-de-tema-do-meu-tema-flexivel\/\"]}]},{\"@type\":\"ImageObject\",\"inLanguage\":\"pt-BR\",\"@id\":\"https:\/\/faq.uol.com.br\/uolhost\/content\/quais-as-configuracoes-de-tema-do-meu-tema-flexivel\/#primaryimage\",\"url\":\"https:\/\/faq.uol.com.br\/uolhost\/wp-content\/uploads\/sites\/2\/2025\/02\/Captura-de-tela-2025-02-07-162500-1.png\",\"contentUrl\":\"https:\/\/faq.uol.com.br\/uolhost\/wp-content\/uploads\/sites\/2\/2025\/02\/Captura-de-tela-2025-02-07-162500-1.png\",\"width\":1908,\"height\":897},{\"@type\":\"BreadcrumbList\",\"@id\":\"https:\/\/faq.uol.com.br\/uolhost\/content\/quais-as-configuracoes-de-tema-do-meu-tema-flexivel\/#breadcrumb\",\"itemListElement\":[{\"@type\":\"ListItem\",\"position\":1,\"name\":\"In\u00edcio\",\"item\":\"https:\/\/faq.uol.com.br\/uolhost\/\"},{\"@type\":\"ListItem\",\"position\":2,\"name\":\"Quais as configura\u00e7\u00f5es de Tema do meu Tema Flex\u00edvel?\"}]},{\"@type\":\"WebSite\",\"@id\":\"https:\/\/faq.uol.com.br\/uolhost\/#website\",\"url\":\"https:\/\/faq.uol.com.br\/uolhost\/\",\"name\":\"FAQ UOL Host\",\"description\":\"\",\"potentialAction\":[{\"@type\":\"SearchAction\",\"target\":{\"@type\":\"EntryPoint\",\"urlTemplate\":\"https:\/\/faq.uol.com.br\/uolhost\/?s={search_term_string}\"},\"query-input\":\"required name=search_term_string\"}],\"inLanguage\":\"pt-BR\"},{\"@type\":\"Person\",\"@id\":\"https:\/\/faq.uol.com.br\/uolhost\/#\/schema\/person\/0aadf6d9693a15391688e93bb97d1693\",\"name\":\"pvemsimoes\",\"image\":{\"@type\":\"ImageObject\",\"inLanguage\":\"pt-BR\",\"@id\":\"https:\/\/faq.uol.com.br\/uolhost\/#\/schema\/person\/image\/\",\"url\":\"https:\/\/secure.gravatar.com\/avatar\/511dde1ae3ffa6d41bba18c51b36593c?s=96&d=mm&r=g\",\"contentUrl\":\"https:\/\/secure.gravatar.com\/avatar\/511dde1ae3ffa6d41bba18c51b36593c?s=96&d=mm&r=g\",\"caption\":\"pvemsimoes\"},\"url\":\"https:\/\/faq.uol.com.br\/uolhost\/content\/author\/pvemsimoes\/\"}]}<\/script>\n<!-- \/ Yoast SEO plugin. -->","yoast_head_json":{"title":"Quais as configura\u00e7\u00f5es de Tema do meu Tema Flex\u00edvel? - FAQ UOL Host","robots":{"index":"index","follow":"follow","max-snippet":"max-snippet:-1","max-image-preview":"max-image-preview:large","max-video-preview":"max-video-preview:-1"},"canonical":"https:\/\/faq.uol.com.br\/uolhost\/content\/quais-as-configuracoes-de-tema-do-meu-tema-flexivel\/","og_locale":"pt_BR","og_type":"article","og_title":"Quais as configura\u00e7\u00f5es de Tema do meu Tema Flex\u00edvel? - FAQ UOL Host","og_description":"Preview de um Tema Esta funcionalidade permite que voc\u00ea tenha uma pr\u00e9-visualiza\u00e7\u00e3o n\u00e3o publicada de sua loja que ainda n\u00e3o est\u00e1 dispon\u00edvel para seus clientes, disponibilizando um ambiente igual ao de produ\u00e7\u00e3o permitindo seguir com valida\u00e7\u00f5es e corre\u00e7\u00f5es se necess\u00e1rio! O Preview do tema est\u00e1 dispon\u00edvel no painel de desenvolvimento, no canto superior direito: &nbsp; [&hellip;]","og_url":"https:\/\/faq.uol.com.br\/uolhost\/content\/quais-as-configuracoes-de-tema-do-meu-tema-flexivel\/","og_site_name":"FAQ UOL Host","article_published_time":"2025-02-21T17:25:26+00:00","article_modified_time":"2025-12-29T17:11:02+00:00","og_image":[{"url":"https:\/\/faq.uol.com.br\/uolhost\/wp-content\/uploads\/sites\/2\/2025\/02\/Captura-de-tela-2025-02-07-162500-1-1024x481.png"}],"author":"pvemsimoes","twitter_card":"summary_large_image","twitter_misc":{"Escrito por":"pvemsimoes","Est. tempo de leitura":"5 minutos"},"schema":{"@context":"https:\/\/schema.org","@graph":[{"@type":"WebPage","@id":"https:\/\/faq.uol.com.br\/uolhost\/content\/quais-as-configuracoes-de-tema-do-meu-tema-flexivel\/","url":"https:\/\/faq.uol.com.br\/uolhost\/content\/quais-as-configuracoes-de-tema-do-meu-tema-flexivel\/","name":"Quais as configura\u00e7\u00f5es de Tema do meu Tema Flex\u00edvel? - FAQ UOL Host","isPartOf":{"@id":"https:\/\/faq.uol.com.br\/uolhost\/#website"},"primaryImageOfPage":{"@id":"https:\/\/faq.uol.com.br\/uolhost\/content\/quais-as-configuracoes-de-tema-do-meu-tema-flexivel\/#primaryimage"},"image":{"@id":"https:\/\/faq.uol.com.br\/uolhost\/content\/quais-as-configuracoes-de-tema-do-meu-tema-flexivel\/#primaryimage"},"thumbnailUrl":"https:\/\/faq.uol.com.br\/uolhost\/wp-content\/uploads\/sites\/2\/2025\/02\/Captura-de-tela-2025-02-07-162500-1-1024x481.png","datePublished":"2025-02-21T17:25:26+00:00","dateModified":"2025-12-29T17:11:02+00:00","author":{"@id":"https:\/\/faq.uol.com.br\/uolhost\/#\/schema\/person\/0aadf6d9693a15391688e93bb97d1693"},"breadcrumb":{"@id":"https:\/\/faq.uol.com.br\/uolhost\/content\/quais-as-configuracoes-de-tema-do-meu-tema-flexivel\/#breadcrumb"},"inLanguage":"pt-BR","potentialAction":[{"@type":"ReadAction","target":["https:\/\/faq.uol.com.br\/uolhost\/content\/quais-as-configuracoes-de-tema-do-meu-tema-flexivel\/"]}]},{"@type":"ImageObject","inLanguage":"pt-BR","@id":"https:\/\/faq.uol.com.br\/uolhost\/content\/quais-as-configuracoes-de-tema-do-meu-tema-flexivel\/#primaryimage","url":"https:\/\/faq.uol.com.br\/uolhost\/wp-content\/uploads\/sites\/2\/2025\/02\/Captura-de-tela-2025-02-07-162500-1.png","contentUrl":"https:\/\/faq.uol.com.br\/uolhost\/wp-content\/uploads\/sites\/2\/2025\/02\/Captura-de-tela-2025-02-07-162500-1.png","width":1908,"height":897},{"@type":"BreadcrumbList","@id":"https:\/\/faq.uol.com.br\/uolhost\/content\/quais-as-configuracoes-de-tema-do-meu-tema-flexivel\/#breadcrumb","itemListElement":[{"@type":"ListItem","position":1,"name":"In\u00edcio","item":"https:\/\/faq.uol.com.br\/uolhost\/"},{"@type":"ListItem","position":2,"name":"Quais as configura\u00e7\u00f5es de Tema do meu Tema Flex\u00edvel?"}]},{"@type":"WebSite","@id":"https:\/\/faq.uol.com.br\/uolhost\/#website","url":"https:\/\/faq.uol.com.br\/uolhost\/","name":"FAQ UOL Host","description":"","potentialAction":[{"@type":"SearchAction","target":{"@type":"EntryPoint","urlTemplate":"https:\/\/faq.uol.com.br\/uolhost\/?s={search_term_string}"},"query-input":"required name=search_term_string"}],"inLanguage":"pt-BR"},{"@type":"Person","@id":"https:\/\/faq.uol.com.br\/uolhost\/#\/schema\/person\/0aadf6d9693a15391688e93bb97d1693","name":"pvemsimoes","image":{"@type":"ImageObject","inLanguage":"pt-BR","@id":"https:\/\/faq.uol.com.br\/uolhost\/#\/schema\/person\/image\/","url":"https:\/\/secure.gravatar.com\/avatar\/511dde1ae3ffa6d41bba18c51b36593c?s=96&d=mm&r=g","contentUrl":"https:\/\/secure.gravatar.com\/avatar\/511dde1ae3ffa6d41bba18c51b36593c?s=96&d=mm&r=g","caption":"pvemsimoes"},"url":"https:\/\/faq.uol.com.br\/uolhost\/content\/author\/pvemsimoes\/"}]}},"category_names":["Como Utilizar","Loja VirtUOL"],"_links":{"self":[{"href":"https:\/\/faq.uol.com.br\/uolhost\/wp-json\/wp\/v2\/posts\/6837"}],"collection":[{"href":"https:\/\/faq.uol.com.br\/uolhost\/wp-json\/wp\/v2\/posts"}],"about":[{"href":"https:\/\/faq.uol.com.br\/uolhost\/wp-json\/wp\/v2\/types\/post"}],"author":[{"embeddable":true,"href":"https:\/\/faq.uol.com.br\/uolhost\/wp-json\/wp\/v2\/users\/17"}],"replies":[{"embeddable":true,"href":"https:\/\/faq.uol.com.br\/uolhost\/wp-json\/wp\/v2\/comments?post=6837"}],"version-history":[{"count":1,"href":"https:\/\/faq.uol.com.br\/uolhost\/wp-json\/wp\/v2\/posts\/6837\/revisions"}],"predecessor-version":[{"id":6849,"href":"https:\/\/faq.uol.com.br\/uolhost\/wp-json\/wp\/v2\/posts\/6837\/revisions\/6849"}],"wp:attachment":[{"href":"https:\/\/faq.uol.com.br\/uolhost\/wp-json\/wp\/v2\/media?parent=6837"}],"wp:term":[{"taxonomy":"category","embeddable":true,"href":"https:\/\/faq.uol.com.br\/uolhost\/wp-json\/wp\/v2\/categories?post=6837"},{"taxonomy":"post_tag","embeddable":true,"href":"https:\/\/faq.uol.com.br\/uolhost\/wp-json\/wp\/v2\/tags?post=6837"}],"curies":[{"name":"wp","href":"https:\/\/api.w.org\/{rel}","templated":true}]}}